{"id":19477,"date":"2023-07-18T21:08:00","date_gmt":"2023-07-18T21:08:00","guid":{"rendered":"https:\/\/casadobrasil.com.mx\/cdb2023\/2023\/07\/18\/vacante-de-trabajo-gerente-de-tecnologia\/"},"modified":"2023-07-26T14:07:43","modified_gmt":"2023-07-26T14:07:43","slug":"vacante-de-trabajo-gerente-de-tecnologia","status":"publish","type":"post","link":"https:\/\/casadobrasil.com.mx\/cdb2023\/vacante-de-trabajo-gerente-de-tecnologia\/","title":{"rendered":"Vacante de Trabajo Gerente de Tecnologia"},"content":{"rendered":"\n<p><strong>World Education and Development Fund M\u00e9xico<\/strong><\/p>\n\n\n\n<p><strong>Gerente de Tecnolog\u00eda CDMX<\/strong><\/p>\n\n\n\n<p>El Gerente de Tecnologia ser\u00e1 el responsable de administrar la infraestructura de Educando. Identificar las debilidades de TI y desarrollar oportunidades de mejora. Garantizar que los proyectos se realicen de acuerdo con los requisitos y el cronograma planificado. Identificar y resolver problemas. Revisar y analizar las aplicaciones existentes y desarrollar estrategias de mejora\/eficiencias. Esta posici\u00f3n reporta al Director de Brasil<\/p>\n\n\n\n<p><strong>Responsabilidades<\/strong><\/p>\n\n\n\n<p>Administrar proyectos y procesos \u2022 Crear y desarrollar aplicaciones<\/p>\n\n\n\n<p>Analizar los procesos Administrar bases de datos Crear y ajustar bases de datos Capacitaci\u00f3n y presentaci\u00f3n de plataformas internas<\/p>\n\n\n\n<p><strong>Habilidades requerides (al menos 4 aflos de experienda)<\/strong><\/p>\n\n\n\n<p>Full Stack Development PHP (legacy) y Codeigniter<\/p>\n\n\n\n<p>Jquery \u2022 Node<\/p>\n\n\n\n<p>React<\/p>\n\n\n\n<p>Git<\/p>\n\n\n\n<p>\u2022<\/p>\n\n\n\n<p>Mysql Avanzado<\/p>\n\n\n\n<p><strong>Competencias<\/strong><\/p>\n\n\n\n<p>Licenciado en Tecnolog\u00edas de la Informaci\u00f3n o similar \u2022 Experto en Tecnologias de la Informaci\u00f3n \u2022 Habilidades de desarrollo e infraestructura \u2022 Experiencia en gesti\u00f3n de equipos y procesos<\/p>\n\n\n\n<p><strong>Idiomas<\/strong><\/p>\n\n\n\n<p>\u2022 \u2022<\/p>\n\n\n\n<p>Se require ingles hablado y escrito Portugues deseable<\/p>\n\n\n\n<p><strong>Especificadones<\/strong><\/p>\n\n\n\n<p>\u2022 $50,000 mix pesos mensuales brutos +pretaciones de ley \u2022 Jornada laboral tiempo complete opci\u00f3n a home office)<\/p>\n\n\n\n<p>Acerca de Educando La misi\u00f3n de Educando, desde su fundaci\u00f3n en 2002, es elevar la calidad y pertinencia de la educaci\u00f3n en Am\u00e9rica Latina, la clave para transformar vidas y romper el ciclo de la pobreza. Educando brinda capacitaci\u00f3n intensiva a maestros y directores de escuelas p\u00fablicas. Educando trabaja en asociaci\u00f3n con los gobiernos estatales para hacer crecer sus dos programas, LISTO (capacitaci\u00f3n en liderazgol y STEM (capacitaci\u00f3n en ciencias y matem\u00e1ticas), para escalar en todos los sistemas escolares, al tiempo que trae a las corporaciones privadas a la mesa para invertir recursos y experiencia. Nuestros programas impactan a m\u00e1s de seis millones de ni\u00f1os en Brasil y M\u00e9xico. Educando tiene oficinas en M\u00e9xico y Brasil, empleando a 30 profesionales de tiempo completo.<\/p>\n\n\n\n<p><strong>Si est\u00e1s interesado en la vacante por favor envia tu CV al correo: dvales@educando.org<\/strong><\/p>\n\n\n\n<p>BRAZIL<\/p>\n\n\n\n<p>USA 82 Nassau St #60740<\/p>\n\n\n\n<p>New York, NY 10038 +1 (202) 73-110<\/p>\n\n\n\n<p>educando.org MEXICO Miraflores 221 Oficina Xelha<\/p>\n\n\n\n<p>Col. Insurgentes San Borja Alcaldia Benito Ju\u00e1rez Ciudad de M\u00e9xico, 03100 +52 (55) 912-4431<\/p>\n\n\n\n<p>Av. Dr. Alberto de Oliveira Uma, 164 Morumbi S\u00e3o Paulo, SP 05690-020 455 (11) 2305-2659<\/p>\n","protected":false},"excerpt":{"rendered":"<p>World Education and Development Fund M\u00e9xico Gerente de Tecnolog\u00eda CDMX El Gerente de Tecnologia ser\u00e1 el responsable de administrar la infraestructura de Educando. Identificar las debilidades de TI y desarrollar&#8230;<\/p>\n","protected":false},"author":3,"featured_media":16867,"comment_status":"closed","ping_status":"open","sticky":false,"template":"","format":"standard","meta":{"_joinchat":[],"footnotes":""},"categories":[67],"tags":[68],"class_list":{"0":"post-19477","1":"post","2":"type-post","3":"status-publish","4":"format-standard","5":"has-post-thumbnail","7":"category-empleos","8":"tag-empleoportuguesvacantes"},"yoast_head":"<!-- This site is optimized with the Yoast SEO plugin v27.4 - https:\/\/yoast.com\/product\/yoast-seo-wordpress\/ -->\n<title>Vacante de Trabajo Gerente de Tecnologia - Casa do Brasil en M\u00e9xico \u2013 Cursos de Portugu\u00e9s<\/title>\n<meta name=\"robots\" content=\"index, follow, max-snippet:-1, max-image-preview:large, max-video-preview:-1\" \/>\n<link rel=\"canonical\" href=\"https:\/\/casadobrasil.com.mx\/cdb2023\/vacante-de-trabajo-gerente-de-tecnologia\/\" \/>\n<meta property=\"og:locale\" content=\"es_MX\" \/>\n<meta property=\"og:type\" content=\"article\" \/>\n<meta property=\"og:title\" content=\"Vacante de Trabajo Gerente de Tecnologia - Casa do Brasil en M\u00e9xico \u2013 Cursos de Portugu\u00e9s\" \/>\n<meta property=\"og:description\" content=\"World Education and Development Fund M\u00e9xico Gerente de Tecnolog\u00eda CDMX El Gerente de Tecnologia ser\u00e1 el responsable de administrar la infraestructura de Educando. Identificar las debilidades de TI y desarrollar...\" \/>\n<meta property=\"og:url\" content=\"https:\/\/casadobrasil.com.mx\/cdb2023\/vacante-de-trabajo-gerente-de-tecnologia\/\" \/>\n<meta property=\"og:site_name\" content=\"Casa do Brasil en M\u00e9xico \u2013 Cursos de Portugu\u00e9s\" \/>\n<meta property=\"article:publisher\" content=\"https:\/\/www.facebook.com\/casadobrasilmx\/\" \/>\n<meta property=\"article:published_time\" content=\"2023-07-18T21:08:00+00:00\" \/>\n<meta property=\"article:modified_time\" content=\"2023-07-26T14:07:43+00:00\" \/>\n<meta property=\"og:image\" content=\"https:\/\/casadobrasil.com.mx\/cdb2023\/wp-content\/uploads\/2022\/08\/educando-trabajo.webp\" \/>\n\t<meta property=\"og:image:width\" content=\"512\" \/>\n\t<meta property=\"og:image:height\" content=\"488\" \/>\n\t<meta property=\"og:image:type\" content=\"image\/webp\" \/>\n<meta name=\"author\" content=\"Jo\u00e3o Calado\" \/>\n<meta name=\"twitter:card\" content=\"summary_large_image\" \/>\n<meta name=\"twitter:creator\" content=\"@casadobrasil\" \/>\n<meta name=\"twitter:site\" content=\"@casadobrasil\" \/>\n<meta name=\"twitter:label1\" content=\"Escrito por\" \/>\n\t<meta name=\"twitter:data1\" content=\"Jo\u00e3o Calado\" \/>\n\t<meta name=\"twitter:label2\" content=\"Tiempo de lectura\" \/>\n\t<meta name=\"twitter:data2\" content=\"2 minutos\" \/>\n<script type=\"application\/ld+json\" class=\"yoast-schema-graph\">{\"@context\":\"https:\\\/\\\/schema.org\",\"@graph\":[{\"@type\":\"Article\",\"@id\":\"https:\\\/\\\/casadobrasil.com.mx\\\/cdb2023\\\/vacante-de-trabajo-gerente-de-tecnologia\\\/#article\",\"isPartOf\":{\"@id\":\"https:\\\/\\\/casadobrasil.com.mx\\\/cdb2023\\\/vacante-de-trabajo-gerente-de-tecnologia\\\/\"},\"author\":{\"name\":\"Jo\u00e3o Calado\",\"@id\":\"https:\\\/\\\/casadobrasil.com.mx\\\/cdb2023\\\/#\\\/schema\\\/person\\\/714cc0ce04dc4fce500c6a4efd8a8d39\"},\"headline\":\"Vacante de Trabajo Gerente de Tecnologia\",\"datePublished\":\"2023-07-18T21:08:00+00:00\",\"dateModified\":\"2023-07-26T14:07:43+00:00\",\"mainEntityOfPage\":{\"@id\":\"https:\\\/\\\/casadobrasil.com.mx\\\/cdb2023\\\/vacante-de-trabajo-gerente-de-tecnologia\\\/\"},\"wordCount\":379,\"publisher\":{\"@id\":\"https:\\\/\\\/casadobrasil.com.mx\\\/cdb2023\\\/#organization\"},\"image\":{\"@id\":\"https:\\\/\\\/casadobrasil.com.mx\\\/cdb2023\\\/vacante-de-trabajo-gerente-de-tecnologia\\\/#primaryimage\"},\"thumbnailUrl\":\"https:\\\/\\\/casadobrasil.com.mx\\\/cdb2023\\\/wp-content\\\/uploads\\\/2022\\\/08\\\/educando-trabajo.webp\",\"keywords\":[\"empleo|portugu\u00e9s|vacantes\"],\"articleSection\":[\"Empleos\"],\"inLanguage\":\"es\"},{\"@type\":\"WebPage\",\"@id\":\"https:\\\/\\\/casadobrasil.com.mx\\\/cdb2023\\\/vacante-de-trabajo-gerente-de-tecnologia\\\/\",\"url\":\"https:\\\/\\\/casadobrasil.com.mx\\\/cdb2023\\\/vacante-de-trabajo-gerente-de-tecnologia\\\/\",\"name\":\"Vacante de Trabajo Gerente de Tecnologia - Casa do Brasil en M\u00e9xico \u2013 Cursos de Portugu\u00e9s\",\"isPartOf\":{\"@id\":\"https:\\\/\\\/casadobrasil.com.mx\\\/cdb2023\\\/#website\"},\"primaryImageOfPage\":{\"@id\":\"https:\\\/\\\/casadobrasil.com.mx\\\/cdb2023\\\/vacante-de-trabajo-gerente-de-tecnologia\\\/#primaryimage\"},\"image\":{\"@id\":\"https:\\\/\\\/casadobrasil.com.mx\\\/cdb2023\\\/vacante-de-trabajo-gerente-de-tecnologia\\\/#primaryimage\"},\"thumbnailUrl\":\"https:\\\/\\\/casadobrasil.com.mx\\\/cdb2023\\\/wp-content\\\/uploads\\\/2022\\\/08\\\/educando-trabajo.webp\",\"datePublished\":\"2023-07-18T21:08:00+00:00\",\"dateModified\":\"2023-07-26T14:07:43+00:00\",\"breadcrumb\":{\"@id\":\"https:\\\/\\\/casadobrasil.com.mx\\\/cdb2023\\\/vacante-de-trabajo-gerente-de-tecnologia\\\/#breadcrumb\"},\"inLanguage\":\"es\",\"potentialAction\":[{\"@type\":\"ReadAction\",\"target\":[\"https:\\\/\\\/casadobrasil.com.mx\\\/cdb2023\\\/vacante-de-trabajo-gerente-de-tecnologia\\\/\"]}]},{\"@type\":\"ImageObject\",\"inLanguage\":\"es\",\"@id\":\"https:\\\/\\\/casadobrasil.com.mx\\\/cdb2023\\\/vacante-de-trabajo-gerente-de-tecnologia\\\/#primaryimage\",\"url\":\"https:\\\/\\\/casadobrasil.com.mx\\\/cdb2023\\\/wp-content\\\/uploads\\\/2022\\\/08\\\/educando-trabajo.webp\",\"contentUrl\":\"https:\\\/\\\/casadobrasil.com.mx\\\/cdb2023\\\/wp-content\\\/uploads\\\/2022\\\/08\\\/educando-trabajo.webp\",\"width\":512,\"height\":488},{\"@type\":\"BreadcrumbList\",\"@id\":\"https:\\\/\\\/casadobrasil.com.mx\\\/cdb2023\\\/vacante-de-trabajo-gerente-de-tecnologia\\\/#breadcrumb\",\"itemListElement\":[{\"@type\":\"ListItem\",\"position\":1,\"name\":\"Inicio\",\"item\":\"https:\\\/\\\/casadobrasil.com.mx\\\/cdb2023\\\/\"},{\"@type\":\"ListItem\",\"position\":2,\"name\":\"Vacante de Trabajo Gerente de Tecnologia\"}]},{\"@type\":\"WebSite\",\"@id\":\"https:\\\/\\\/casadobrasil.com.mx\\\/cdb2023\\\/#website\",\"url\":\"https:\\\/\\\/casadobrasil.com.mx\\\/cdb2023\\\/\",\"name\":\"Casa do Brasil en M\u00e9xico \u2013 Cursos de Portugu\u00e9s\",\"description\":\"Cursos de Portugu\u00e9s Online en M\u00e9xico. Profesores nativos Gobierno de Brasil Celpe-bras\",\"publisher\":{\"@id\":\"https:\\\/\\\/casadobrasil.com.mx\\\/cdb2023\\\/#organization\"},\"potentialAction\":[{\"@type\":\"SearchAction\",\"target\":{\"@type\":\"EntryPoint\",\"urlTemplate\":\"https:\\\/\\\/casadobrasil.com.mx\\\/cdb2023\\\/?s={search_term_string}\"},\"query-input\":{\"@type\":\"PropertyValueSpecification\",\"valueRequired\":true,\"valueName\":\"search_term_string\"}}],\"inLanguage\":\"es\"},{\"@type\":\"Organization\",\"@id\":\"https:\\\/\\\/casadobrasil.com.mx\\\/cdb2023\\\/#organization\",\"name\":\"Casa do Brasil en M\u00e9xico \u2013 Cursos de Portugu\u00e9s\",\"url\":\"https:\\\/\\\/casadobrasil.com.mx\\\/cdb2023\\\/\",\"logo\":{\"@type\":\"ImageObject\",\"inLanguage\":\"es\",\"@id\":\"https:\\\/\\\/casadobrasil.com.mx\\\/cdb2023\\\/#\\\/schema\\\/logo\\\/image\\\/\",\"url\":\"https:\\\/\\\/casadobrasil.com.mx\\\/cdb2023\\\/wp-content\\\/uploads\\\/2022\\\/12\\\/logo-casa-do-brasil.png\",\"contentUrl\":\"https:\\\/\\\/casadobrasil.com.mx\\\/cdb2023\\\/wp-content\\\/uploads\\\/2022\\\/12\\\/logo-casa-do-brasil.png\",\"width\":480,\"height\":270,\"caption\":\"Casa do Brasil en M\u00e9xico \u2013 Cursos de Portugu\u00e9s\"},\"image\":{\"@id\":\"https:\\\/\\\/casadobrasil.com.mx\\\/cdb2023\\\/#\\\/schema\\\/logo\\\/image\\\/\"},\"sameAs\":[\"https:\\\/\\\/www.facebook.com\\\/casadobrasilmx\\\/\",\"https:\\\/\\\/x.com\\\/casadobrasil\"]},{\"@type\":\"Person\",\"@id\":\"https:\\\/\\\/casadobrasil.com.mx\\\/cdb2023\\\/#\\\/schema\\\/person\\\/714cc0ce04dc4fce500c6a4efd8a8d39\",\"name\":\"Jo\u00e3o Calado\",\"image\":{\"@type\":\"ImageObject\",\"inLanguage\":\"es\",\"@id\":\"https:\\\/\\\/casadobrasil.com.mx\\\/cdb2023\\\/wp-content\\\/litespeed\\\/avatar\\\/8e6ca40718cc75256e074ea0cc2ab71d.jpg?ver=1777473122\",\"url\":\"https:\\\/\\\/casadobrasil.com.mx\\\/cdb2023\\\/wp-content\\\/litespeed\\\/avatar\\\/8e6ca40718cc75256e074ea0cc2ab71d.jpg?ver=1777473122\",\"contentUrl\":\"https:\\\/\\\/casadobrasil.com.mx\\\/cdb2023\\\/wp-content\\\/litespeed\\\/avatar\\\/8e6ca40718cc75256e074ea0cc2ab71d.jpg?ver=1777473122\",\"caption\":\"Jo\u00e3o Calado\"},\"url\":\"https:\\\/\\\/casadobrasil.com.mx\\\/cdb2023\\\/author\\\/roberto\\\/\"}]}<\/script>\n<!-- \/ Yoast SEO plugin. -->","yoast_head_json":{"title":"Vacante de Trabajo Gerente de Tecnologia - Casa do Brasil en M\u00e9xico \u2013 Cursos de Portugu\u00e9s","robots":{"index":"index","follow":"follow","max-snippet":"max-snippet:-1","max-image-preview":"max-image-preview:large","max-video-preview":"max-video-preview:-1"},"canonical":"https:\/\/casadobrasil.com.mx\/cdb2023\/vacante-de-trabajo-gerente-de-tecnologia\/","og_locale":"es_MX","og_type":"article","og_title":"Vacante de Trabajo Gerente de Tecnologia - Casa do Brasil en M\u00e9xico \u2013 Cursos de Portugu\u00e9s","og_description":"World Education and Development Fund M\u00e9xico Gerente de Tecnolog\u00eda CDMX El Gerente de Tecnologia ser\u00e1 el responsable de administrar la infraestructura de Educando. Identificar las debilidades de TI y desarrollar...","og_url":"https:\/\/casadobrasil.com.mx\/cdb2023\/vacante-de-trabajo-gerente-de-tecnologia\/","og_site_name":"Casa do Brasil en M\u00e9xico \u2013 Cursos de Portugu\u00e9s","article_publisher":"https:\/\/www.facebook.com\/casadobrasilmx\/","article_published_time":"2023-07-18T21:08:00+00:00","article_modified_time":"2023-07-26T14:07:43+00:00","og_image":[{"width":512,"height":488,"url":"https:\/\/casadobrasil.com.mx\/cdb2023\/wp-content\/uploads\/2022\/08\/educando-trabajo.webp","type":"image\/webp"}],"author":"Jo\u00e3o Calado","twitter_card":"summary_large_image","twitter_creator":"@casadobrasil","twitter_site":"@casadobrasil","twitter_misc":{"Escrito por":"Jo\u00e3o Calado","Tiempo de lectura":"2 minutos"},"schema":{"@context":"https:\/\/schema.org","@graph":[{"@type":"Article","@id":"https:\/\/casadobrasil.com.mx\/cdb2023\/vacante-de-trabajo-gerente-de-tecnologia\/#article","isPartOf":{"@id":"https:\/\/casadobrasil.com.mx\/cdb2023\/vacante-de-trabajo-gerente-de-tecnologia\/"},"author":{"name":"Jo\u00e3o Calado","@id":"https:\/\/casadobrasil.com.mx\/cdb2023\/#\/schema\/person\/714cc0ce04dc4fce500c6a4efd8a8d39"},"headline":"Vacante de Trabajo Gerente de Tecnologia","datePublished":"2023-07-18T21:08:00+00:00","dateModified":"2023-07-26T14:07:43+00:00","mainEntityOfPage":{"@id":"https:\/\/casadobrasil.com.mx\/cdb2023\/vacante-de-trabajo-gerente-de-tecnologia\/"},"wordCount":379,"publisher":{"@id":"https:\/\/casadobrasil.com.mx\/cdb2023\/#organization"},"image":{"@id":"https:\/\/casadobrasil.com.mx\/cdb2023\/vacante-de-trabajo-gerente-de-tecnologia\/#primaryimage"},"thumbnailUrl":"https:\/\/casadobrasil.com.mx\/cdb2023\/wp-content\/uploads\/2022\/08\/educando-trabajo.webp","keywords":["empleo|portugu\u00e9s|vacantes"],"articleSection":["Empleos"],"inLanguage":"es"},{"@type":"WebPage","@id":"https:\/\/casadobrasil.com.mx\/cdb2023\/vacante-de-trabajo-gerente-de-tecnologia\/","url":"https:\/\/casadobrasil.com.mx\/cdb2023\/vacante-de-trabajo-gerente-de-tecnologia\/","name":"Vacante de Trabajo Gerente de Tecnologia - Casa do Brasil en M\u00e9xico \u2013 Cursos de Portugu\u00e9s","isPartOf":{"@id":"https:\/\/casadobrasil.com.mx\/cdb2023\/#website"},"primaryImageOfPage":{"@id":"https:\/\/casadobrasil.com.mx\/cdb2023\/vacante-de-trabajo-gerente-de-tecnologia\/#primaryimage"},"image":{"@id":"https:\/\/casadobrasil.com.mx\/cdb2023\/vacante-de-trabajo-gerente-de-tecnologia\/#primaryimage"},"thumbnailUrl":"https:\/\/casadobrasil.com.mx\/cdb2023\/wp-content\/uploads\/2022\/08\/educando-trabajo.webp","datePublished":"2023-07-18T21:08:00+00:00","dateModified":"2023-07-26T14:07:43+00:00","breadcrumb":{"@id":"https:\/\/casadobrasil.com.mx\/cdb2023\/vacante-de-trabajo-gerente-de-tecnologia\/#breadcrumb"},"inLanguage":"es","potentialAction":[{"@type":"ReadAction","target":["https:\/\/casadobrasil.com.mx\/cdb2023\/vacante-de-trabajo-gerente-de-tecnologia\/"]}]},{"@type":"ImageObject","inLanguage":"es","@id":"https:\/\/casadobrasil.com.mx\/cdb2023\/vacante-de-trabajo-gerente-de-tecnologia\/#primaryimage","url":"https:\/\/casadobrasil.com.mx\/cdb2023\/wp-content\/uploads\/2022\/08\/educando-trabajo.webp","contentUrl":"https:\/\/casadobrasil.com.mx\/cdb2023\/wp-content\/uploads\/2022\/08\/educando-trabajo.webp","width":512,"height":488},{"@type":"BreadcrumbList","@id":"https:\/\/casadobrasil.com.mx\/cdb2023\/vacante-de-trabajo-gerente-de-tecnologia\/#breadcrumb","itemListElement":[{"@type":"ListItem","position":1,"name":"Inicio","item":"https:\/\/casadobrasil.com.mx\/cdb2023\/"},{"@type":"ListItem","position":2,"name":"Vacante de Trabajo Gerente de Tecnologia"}]},{"@type":"WebSite","@id":"https:\/\/casadobrasil.com.mx\/cdb2023\/#website","url":"https:\/\/casadobrasil.com.mx\/cdb2023\/","name":"Casa do Brasil en M\u00e9xico \u2013 Cursos de Portugu\u00e9s","description":"Cursos de Portugu\u00e9s Online en M\u00e9xico. Profesores nativos Gobierno de Brasil Celpe-bras","publisher":{"@id":"https:\/\/casadobrasil.com.mx\/cdb2023\/#organization"},"potentialAction":[{"@type":"SearchAction","target":{"@type":"EntryPoint","urlTemplate":"https:\/\/casadobrasil.com.mx\/cdb2023\/?s={search_term_string}"},"query-input":{"@type":"PropertyValueSpecification","valueRequired":true,"valueName":"search_term_string"}}],"inLanguage":"es"},{"@type":"Organization","@id":"https:\/\/casadobrasil.com.mx\/cdb2023\/#organization","name":"Casa do Brasil en M\u00e9xico \u2013 Cursos de Portugu\u00e9s","url":"https:\/\/casadobrasil.com.mx\/cdb2023\/","logo":{"@type":"ImageObject","inLanguage":"es","@id":"https:\/\/casadobrasil.com.mx\/cdb2023\/#\/schema\/logo\/image\/","url":"https:\/\/casadobrasil.com.mx\/cdb2023\/wp-content\/uploads\/2022\/12\/logo-casa-do-brasil.png","contentUrl":"https:\/\/casadobrasil.com.mx\/cdb2023\/wp-content\/uploads\/2022\/12\/logo-casa-do-brasil.png","width":480,"height":270,"caption":"Casa do Brasil en M\u00e9xico \u2013 Cursos de Portugu\u00e9s"},"image":{"@id":"https:\/\/casadobrasil.com.mx\/cdb2023\/#\/schema\/logo\/image\/"},"sameAs":["https:\/\/www.facebook.com\/casadobrasilmx\/","https:\/\/x.com\/casadobrasil"]},{"@type":"Person","@id":"https:\/\/casadobrasil.com.mx\/cdb2023\/#\/schema\/person\/714cc0ce04dc4fce500c6a4efd8a8d39","name":"Jo\u00e3o Calado","image":{"@type":"ImageObject","inLanguage":"es","@id":"https:\/\/casadobrasil.com.mx\/cdb2023\/wp-content\/litespeed\/avatar\/8e6ca40718cc75256e074ea0cc2ab71d.jpg?ver=1777473122","url":"https:\/\/casadobrasil.com.mx\/cdb2023\/wp-content\/litespeed\/avatar\/8e6ca40718cc75256e074ea0cc2ab71d.jpg?ver=1777473122","contentUrl":"https:\/\/casadobrasil.com.mx\/cdb2023\/wp-content\/litespeed\/avatar\/8e6ca40718cc75256e074ea0cc2ab71d.jpg?ver=1777473122","caption":"Jo\u00e3o Calado"},"url":"https:\/\/casadobrasil.com.mx\/cdb2023\/author\/roberto\/"}]}},"_links":{"self":[{"href":"https:\/\/casadobrasil.com.mx\/cdb2023\/wp-json\/wp\/v2\/posts\/19477","targetHints":{"allow":["GET"]}}],"collection":[{"href":"https:\/\/casadobrasil.com.mx\/cdb2023\/wp-json\/wp\/v2\/posts"}],"about":[{"href":"https:\/\/casadobrasil.com.mx\/cdb2023\/wp-json\/wp\/v2\/types\/post"}],"author":[{"embeddable":true,"href":"https:\/\/casadobrasil.com.mx\/cdb2023\/wp-json\/wp\/v2\/users\/3"}],"replies":[{"embeddable":true,"href":"https:\/\/casadobrasil.com.mx\/cdb2023\/wp-json\/wp\/v2\/comments?post=19477"}],"version-history":[{"count":0,"href":"https:\/\/casadobrasil.com.mx\/cdb2023\/wp-json\/wp\/v2\/posts\/19477\/revisions"}],"wp:featuredmedia":[{"embeddable":true,"href":"https:\/\/casadobrasil.com.mx\/cdb2023\/wp-json\/wp\/v2\/media\/16867"}],"wp:attachment":[{"href":"https:\/\/casadobrasil.com.mx\/cdb2023\/wp-json\/wp\/v2\/media?parent=19477"}],"wp:term":[{"taxonomy":"category","embeddable":true,"href":"https:\/\/casadobrasil.com.mx\/cdb2023\/wp-json\/wp\/v2\/categories?post=19477"},{"taxonomy":"post_tag","embeddable":true,"href":"https:\/\/casadobrasil.com.mx\/cdb2023\/wp-json\/wp\/v2\/tags?post=19477"}],"curies":[{"name":"wp","href":"https:\/\/api.w.org\/{rel}","templated":true}]}}