{"id":30712,"date":"2024-09-03T12:52:24","date_gmt":"2024-09-03T18:52:24","guid":{"rendered":"https:\/\/casadobrasil.com.mx\/cdb2023\/?p=30712"},"modified":"2024-09-03T23:22:35","modified_gmt":"2024-09-04T05:22:35","slug":"septiembre-de-independencias-conectando-brasil-y-mexico-a-traves-del-idioma","status":"publish","type":"post","link":"https:\/\/casadobrasil.com.mx\/cdb2023\/septiembre-de-independencias-conectando-brasil-y-mexico-a-traves-del-idioma\/","title":{"rendered":"Septiembre de Independencias: Conectando Brasil y M\u00e9xico a trav\u00e9s del Idioma"},"content":{"rendered":"\n<figure class=\"wp-block-image size-full is-resized\"><img loading=\"lazy\" decoding=\"async\" width=\"600\" height=\"600\" src=\"https:\/\/casadobrasil.com.mx\/cdb2023\/wp-content\/uploads\/2024\/09\/mexico-brasil-independencias.jpg\" alt=\"\" class=\"wp-image-30713\" style=\"width:780px;height:auto\" srcset=\"https:\/\/casadobrasil.com.mx\/cdb2023\/wp-content\/uploads\/2024\/09\/mexico-brasil-independencias.jpg 600w, https:\/\/casadobrasil.com.mx\/cdb2023\/wp-content\/uploads\/2024\/09\/mexico-brasil-independencias-300x300.jpg 300w, https:\/\/casadobrasil.com.mx\/cdb2023\/wp-content\/uploads\/2024\/09\/mexico-brasil-independencias-150x150.jpg 150w, https:\/\/casadobrasil.com.mx\/cdb2023\/wp-content\/uploads\/2024\/09\/mexico-brasil-independencias-100x100.jpg 100w, https:\/\/casadobrasil.com.mx\/cdb2023\/wp-content\/uploads\/2024\/09\/mexico-brasil-independencias-140x140.jpg 140w, https:\/\/casadobrasil.com.mx\/cdb2023\/wp-content\/uploads\/2024\/09\/mexico-brasil-independencias-500x500.jpg 500w, https:\/\/casadobrasil.com.mx\/cdb2023\/wp-content\/uploads\/2024\/09\/mexico-brasil-independencias-350x350.jpg 350w\" sizes=\"auto, (max-width: 600px) 100vw, 600px\" \/><\/figure>\n\n\n\n<p>\u00a1Celebremos las independencias de Brasil y M\u00e9xico en septiembre! <br><br>En ambos pa\u00edses, aprender y dominar el idioma del otro podr\u00eda ser la clave para la verdadera unificaci\u00f3n de Am\u00e9rica Latina. Imagina una regi\u00f3n donde el portugu\u00e9s y el espa\u00f1ol se convierten en segunda o tercera lengua obligatoria, \u00a1qu\u00e9 puente cultural y econ\u00f3mico podr\u00edamos construir! <br><br>Entender y respetar nuestras diferencias mientras compartimos nuestras similitudes nos acerca m\u00e1s a un futuro lleno de oportunidades y crecimiento para todos. \u00a1Aprender un nuevo idioma es abrir la puerta a un mundo de posibilidades! \ud83c\udf0e\u2728<br><br>Y recuerda que si quieres aprender con el mejor\u00a0<strong>Curso de Portugu\u00e9s en l\u00ednea<\/strong>, en la mejor\u00a0<strong>Escuela de Portugu\u00e9s<\/strong>, comun\u00edcate con nosotros v\u00eda<\/p>\n\n\n\n<p><strong>WhatsApp los 07 d\u00edas de la semana:<\/strong><br><strong>5585334488<\/strong><\/p>\n\n\n\n<p><strong>Conmutador: 5515191633<\/strong><\/p>\n\n\n\n<p><strong>Atenci\u00f3n telef\u00f3nica de Lunes a Viernes, de 10:00 a 18:00 horas<\/strong><\/p>\n\n\n\n<p>Tambi\u00e9n contamos con&nbsp;<strong>Cursos de Portugu\u00e9s para Empresas y Ejecutivos, o Cursos de Portugu\u00e9s en grupos.<\/strong><\/p>\n","protected":false},"excerpt":{"rendered":"<p>\u00a1Celebremos las independencias de Brasil y M\u00e9xico en septiembre! En ambos pa\u00edses, aprender y dominar el idioma del otro podr\u00eda ser la clave para la verdadera unificaci\u00f3n de Am\u00e9rica Latina&#8230;.<\/p>\n","protected":false},"author":3,"featured_media":30713,"comment_status":"closed","ping_status":"open","sticky":false,"template":"","format":"standard","meta":{"_joinchat":[],"footnotes":""},"categories":[66],"tags":[],"class_list":{"0":"post-30712","1":"post","2":"type-post","3":"status-publish","4":"format-standard","5":"has-post-thumbnail","7":"category-blog"},"yoast_head":"<!-- This site is optimized with the Yoast SEO plugin v27.4 - https:\/\/yoast.com\/product\/yoast-seo-wordpress\/ -->\n<title>Septiembre de Independencias: Conectando Brasil y M\u00e9xico a trav\u00e9s del Idioma - Casa do Brasil en M\u00e9xico \u2013 Cursos de Portugu\u00e9s<\/title>\n<meta name=\"robots\" content=\"index, follow, max-snippet:-1, max-image-preview:large, max-video-preview:-1\" \/>\n<link rel=\"canonical\" href=\"https:\/\/casadobrasil.com.mx\/cdb2023\/septiembre-de-independencias-conectando-brasil-y-mexico-a-traves-del-idioma\/\" \/>\n<meta property=\"og:locale\" content=\"es_MX\" \/>\n<meta property=\"og:type\" content=\"article\" \/>\n<meta property=\"og:title\" content=\"Septiembre de Independencias: Conectando Brasil y M\u00e9xico a trav\u00e9s del Idioma - Casa do Brasil en M\u00e9xico \u2013 Cursos de Portugu\u00e9s\" \/>\n<meta property=\"og:description\" content=\"\u00a1Celebremos las independencias de Brasil y M\u00e9xico en septiembre! En ambos pa\u00edses, aprender y dominar el idioma del otro podr\u00eda ser la clave para la verdadera unificaci\u00f3n de Am\u00e9rica Latina....\" \/>\n<meta property=\"og:url\" content=\"https:\/\/casadobrasil.com.mx\/cdb2023\/septiembre-de-independencias-conectando-brasil-y-mexico-a-traves-del-idioma\/\" \/>\n<meta property=\"og:site_name\" content=\"Casa do Brasil en M\u00e9xico \u2013 Cursos de Portugu\u00e9s\" \/>\n<meta property=\"article:publisher\" content=\"https:\/\/www.facebook.com\/casadobrasilmx\/\" \/>\n<meta property=\"article:published_time\" content=\"2024-09-03T18:52:24+00:00\" \/>\n<meta property=\"article:modified_time\" content=\"2024-09-04T05:22:35+00:00\" \/>\n<meta property=\"og:image\" content=\"https:\/\/casadobrasil.com.mx\/cdb2023\/wp-content\/uploads\/2024\/09\/mexico-brasil-independencias.jpg\" \/>\n\t<meta property=\"og:image:width\" content=\"600\" \/>\n\t<meta property=\"og:image:height\" content=\"600\" \/>\n\t<meta property=\"og:image:type\" content=\"image\/jpeg\" \/>\n<meta name=\"author\" content=\"Jo\u00e3o Calado\" \/>\n<meta name=\"twitter:card\" content=\"summary_large_image\" \/>\n<meta name=\"twitter:creator\" content=\"@casadobrasil\" \/>\n<meta name=\"twitter:site\" content=\"@casadobrasil\" \/>\n<meta name=\"twitter:label1\" content=\"Escrito por\" \/>\n\t<meta name=\"twitter:data1\" content=\"Jo\u00e3o Calado\" \/>\n\t<meta name=\"twitter:label2\" content=\"Tiempo de lectura\" \/>\n\t<meta name=\"twitter:data2\" content=\"2 minutos\" \/>\n<script type=\"application\/ld+json\" class=\"yoast-schema-graph\">{\"@context\":\"https:\\\/\\\/schema.org\",\"@graph\":[{\"@type\":\"Article\",\"@id\":\"https:\\\/\\\/casadobrasil.com.mx\\\/cdb2023\\\/septiembre-de-independencias-conectando-brasil-y-mexico-a-traves-del-idioma\\\/#article\",\"isPartOf\":{\"@id\":\"https:\\\/\\\/casadobrasil.com.mx\\\/cdb2023\\\/septiembre-de-independencias-conectando-brasil-y-mexico-a-traves-del-idioma\\\/\"},\"author\":{\"name\":\"Jo\u00e3o Calado\",\"@id\":\"https:\\\/\\\/casadobrasil.com.mx\\\/cdb2023\\\/#\\\/schema\\\/person\\\/714cc0ce04dc4fce500c6a4efd8a8d39\"},\"headline\":\"Septiembre de Independencias: Conectando Brasil y M\u00e9xico a trav\u00e9s del Idioma\",\"datePublished\":\"2024-09-03T18:52:24+00:00\",\"dateModified\":\"2024-09-04T05:22:35+00:00\",\"mainEntityOfPage\":{\"@id\":\"https:\\\/\\\/casadobrasil.com.mx\\\/cdb2023\\\/septiembre-de-independencias-conectando-brasil-y-mexico-a-traves-del-idioma\\\/\"},\"wordCount\":181,\"publisher\":{\"@id\":\"https:\\\/\\\/casadobrasil.com.mx\\\/cdb2023\\\/#organization\"},\"image\":{\"@id\":\"https:\\\/\\\/casadobrasil.com.mx\\\/cdb2023\\\/septiembre-de-independencias-conectando-brasil-y-mexico-a-traves-del-idioma\\\/#primaryimage\"},\"thumbnailUrl\":\"https:\\\/\\\/casadobrasil.com.mx\\\/cdb2023\\\/wp-content\\\/uploads\\\/2024\\\/09\\\/mexico-brasil-independencias.jpg\",\"articleSection\":[\"Blog\"],\"inLanguage\":\"es\"},{\"@type\":\"WebPage\",\"@id\":\"https:\\\/\\\/casadobrasil.com.mx\\\/cdb2023\\\/septiembre-de-independencias-conectando-brasil-y-mexico-a-traves-del-idioma\\\/\",\"url\":\"https:\\\/\\\/casadobrasil.com.mx\\\/cdb2023\\\/septiembre-de-independencias-conectando-brasil-y-mexico-a-traves-del-idioma\\\/\",\"name\":\"Septiembre de Independencias: Conectando Brasil y M\u00e9xico a trav\u00e9s del Idioma - Casa do Brasil en M\u00e9xico \u2013 Cursos de Portugu\u00e9s\",\"isPartOf\":{\"@id\":\"https:\\\/\\\/casadobrasil.com.mx\\\/cdb2023\\\/#website\"},\"primaryImageOfPage\":{\"@id\":\"https:\\\/\\\/casadobrasil.com.mx\\\/cdb2023\\\/septiembre-de-independencias-conectando-brasil-y-mexico-a-traves-del-idioma\\\/#primaryimage\"},\"image\":{\"@id\":\"https:\\\/\\\/casadobrasil.com.mx\\\/cdb2023\\\/septiembre-de-independencias-conectando-brasil-y-mexico-a-traves-del-idioma\\\/#primaryimage\"},\"thumbnailUrl\":\"https:\\\/\\\/casadobrasil.com.mx\\\/cdb2023\\\/wp-content\\\/uploads\\\/2024\\\/09\\\/mexico-brasil-independencias.jpg\",\"datePublished\":\"2024-09-03T18:52:24+00:00\",\"dateModified\":\"2024-09-04T05:22:35+00:00\",\"breadcrumb\":{\"@id\":\"https:\\\/\\\/casadobrasil.com.mx\\\/cdb2023\\\/septiembre-de-independencias-conectando-brasil-y-mexico-a-traves-del-idioma\\\/#breadcrumb\"},\"inLanguage\":\"es\",\"potentialAction\":[{\"@type\":\"ReadAction\",\"target\":[\"https:\\\/\\\/casadobrasil.com.mx\\\/cdb2023\\\/septiembre-de-independencias-conectando-brasil-y-mexico-a-traves-del-idioma\\\/\"]}]},{\"@type\":\"ImageObject\",\"inLanguage\":\"es\",\"@id\":\"https:\\\/\\\/casadobrasil.com.mx\\\/cdb2023\\\/septiembre-de-independencias-conectando-brasil-y-mexico-a-traves-del-idioma\\\/#primaryimage\",\"url\":\"https:\\\/\\\/casadobrasil.com.mx\\\/cdb2023\\\/wp-content\\\/uploads\\\/2024\\\/09\\\/mexico-brasil-independencias.jpg\",\"contentUrl\":\"https:\\\/\\\/casadobrasil.com.mx\\\/cdb2023\\\/wp-content\\\/uploads\\\/2024\\\/09\\\/mexico-brasil-independencias.jpg\",\"width\":600,\"height\":600},{\"@type\":\"BreadcrumbList\",\"@id\":\"https:\\\/\\\/casadobrasil.com.mx\\\/cdb2023\\\/septiembre-de-independencias-conectando-brasil-y-mexico-a-traves-del-idioma\\\/#breadcrumb\",\"itemListElement\":[{\"@type\":\"ListItem\",\"position\":1,\"name\":\"Inicio\",\"item\":\"https:\\\/\\\/casadobrasil.com.mx\\\/cdb2023\\\/\"},{\"@type\":\"ListItem\",\"position\":2,\"name\":\"Septiembre de Independencias: Conectando Brasil y M\u00e9xico a trav\u00e9s del Idioma\"}]},{\"@type\":\"WebSite\",\"@id\":\"https:\\\/\\\/casadobrasil.com.mx\\\/cdb2023\\\/#website\",\"url\":\"https:\\\/\\\/casadobrasil.com.mx\\\/cdb2023\\\/\",\"name\":\"Casa do Brasil en M\u00e9xico \u2013 Cursos de Portugu\u00e9s\",\"description\":\"Cursos de Portugu\u00e9s Online en M\u00e9xico. Profesores nativos Gobierno de Brasil Celpe-bras\",\"publisher\":{\"@id\":\"https:\\\/\\\/casadobrasil.com.mx\\\/cdb2023\\\/#organization\"},\"potentialAction\":[{\"@type\":\"SearchAction\",\"target\":{\"@type\":\"EntryPoint\",\"urlTemplate\":\"https:\\\/\\\/casadobrasil.com.mx\\\/cdb2023\\\/?s={search_term_string}\"},\"query-input\":{\"@type\":\"PropertyValueSpecification\",\"valueRequired\":true,\"valueName\":\"search_term_string\"}}],\"inLanguage\":\"es\"},{\"@type\":\"Organization\",\"@id\":\"https:\\\/\\\/casadobrasil.com.mx\\\/cdb2023\\\/#organization\",\"name\":\"Casa do Brasil en M\u00e9xico \u2013 Cursos de Portugu\u00e9s\",\"url\":\"https:\\\/\\\/casadobrasil.com.mx\\\/cdb2023\\\/\",\"logo\":{\"@type\":\"ImageObject\",\"inLanguage\":\"es\",\"@id\":\"https:\\\/\\\/casadobrasil.com.mx\\\/cdb2023\\\/#\\\/schema\\\/logo\\\/image\\\/\",\"url\":\"https:\\\/\\\/casadobrasil.com.mx\\\/cdb2023\\\/wp-content\\\/uploads\\\/2022\\\/12\\\/logo-casa-do-brasil.png\",\"contentUrl\":\"https:\\\/\\\/casadobrasil.com.mx\\\/cdb2023\\\/wp-content\\\/uploads\\\/2022\\\/12\\\/logo-casa-do-brasil.png\",\"width\":480,\"height\":270,\"caption\":\"Casa do Brasil en M\u00e9xico \u2013 Cursos de Portugu\u00e9s\"},\"image\":{\"@id\":\"https:\\\/\\\/casadobrasil.com.mx\\\/cdb2023\\\/#\\\/schema\\\/logo\\\/image\\\/\"},\"sameAs\":[\"https:\\\/\\\/www.facebook.com\\\/casadobrasilmx\\\/\",\"https:\\\/\\\/x.com\\\/casadobrasil\"]},{\"@type\":\"Person\",\"@id\":\"https:\\\/\\\/casadobrasil.com.mx\\\/cdb2023\\\/#\\\/schema\\\/person\\\/714cc0ce04dc4fce500c6a4efd8a8d39\",\"name\":\"Jo\u00e3o Calado\",\"image\":{\"@type\":\"ImageObject\",\"inLanguage\":\"es\",\"@id\":\"https:\\\/\\\/casadobrasil.com.mx\\\/cdb2023\\\/wp-content\\\/litespeed\\\/avatar\\\/8e6ca40718cc75256e074ea0cc2ab71d.jpg?ver=1777473122\",\"url\":\"https:\\\/\\\/casadobrasil.com.mx\\\/cdb2023\\\/wp-content\\\/litespeed\\\/avatar\\\/8e6ca40718cc75256e074ea0cc2ab71d.jpg?ver=1777473122\",\"contentUrl\":\"https:\\\/\\\/casadobrasil.com.mx\\\/cdb2023\\\/wp-content\\\/litespeed\\\/avatar\\\/8e6ca40718cc75256e074ea0cc2ab71d.jpg?ver=1777473122\",\"caption\":\"Jo\u00e3o Calado\"},\"url\":\"https:\\\/\\\/casadobrasil.com.mx\\\/cdb2023\\\/author\\\/roberto\\\/\"}]}<\/script>\n<!-- \/ Yoast SEO plugin. -->","yoast_head_json":{"title":"Septiembre de Independencias: Conectando Brasil y M\u00e9xico a trav\u00e9s del Idioma - Casa do Brasil en M\u00e9xico \u2013 Cursos de Portugu\u00e9s","robots":{"index":"index","follow":"follow","max-snippet":"max-snippet:-1","max-image-preview":"max-image-preview:large","max-video-preview":"max-video-preview:-1"},"canonical":"https:\/\/casadobrasil.com.mx\/cdb2023\/septiembre-de-independencias-conectando-brasil-y-mexico-a-traves-del-idioma\/","og_locale":"es_MX","og_type":"article","og_title":"Septiembre de Independencias: Conectando Brasil y M\u00e9xico a trav\u00e9s del Idioma - Casa do Brasil en M\u00e9xico \u2013 Cursos de Portugu\u00e9s","og_description":"\u00a1Celebremos las independencias de Brasil y M\u00e9xico en septiembre! En ambos pa\u00edses, aprender y dominar el idioma del otro podr\u00eda ser la clave para la verdadera unificaci\u00f3n de Am\u00e9rica Latina....","og_url":"https:\/\/casadobrasil.com.mx\/cdb2023\/septiembre-de-independencias-conectando-brasil-y-mexico-a-traves-del-idioma\/","og_site_name":"Casa do Brasil en M\u00e9xico \u2013 Cursos de Portugu\u00e9s","article_publisher":"https:\/\/www.facebook.com\/casadobrasilmx\/","article_published_time":"2024-09-03T18:52:24+00:00","article_modified_time":"2024-09-04T05:22:35+00:00","og_image":[{"width":600,"height":600,"url":"https:\/\/casadobrasil.com.mx\/cdb2023\/wp-content\/uploads\/2024\/09\/mexico-brasil-independencias.jpg","type":"image\/jpeg"}],"author":"Jo\u00e3o Calado","twitter_card":"summary_large_image","twitter_creator":"@casadobrasil","twitter_site":"@casadobrasil","twitter_misc":{"Escrito por":"Jo\u00e3o Calado","Tiempo de lectura":"2 minutos"},"schema":{"@context":"https:\/\/schema.org","@graph":[{"@type":"Article","@id":"https:\/\/casadobrasil.com.mx\/cdb2023\/septiembre-de-independencias-conectando-brasil-y-mexico-a-traves-del-idioma\/#article","isPartOf":{"@id":"https:\/\/casadobrasil.com.mx\/cdb2023\/septiembre-de-independencias-conectando-brasil-y-mexico-a-traves-del-idioma\/"},"author":{"name":"Jo\u00e3o Calado","@id":"https:\/\/casadobrasil.com.mx\/cdb2023\/#\/schema\/person\/714cc0ce04dc4fce500c6a4efd8a8d39"},"headline":"Septiembre de Independencias: Conectando Brasil y M\u00e9xico a trav\u00e9s del Idioma","datePublished":"2024-09-03T18:52:24+00:00","dateModified":"2024-09-04T05:22:35+00:00","mainEntityOfPage":{"@id":"https:\/\/casadobrasil.com.mx\/cdb2023\/septiembre-de-independencias-conectando-brasil-y-mexico-a-traves-del-idioma\/"},"wordCount":181,"publisher":{"@id":"https:\/\/casadobrasil.com.mx\/cdb2023\/#organization"},"image":{"@id":"https:\/\/casadobrasil.com.mx\/cdb2023\/septiembre-de-independencias-conectando-brasil-y-mexico-a-traves-del-idioma\/#primaryimage"},"thumbnailUrl":"https:\/\/casadobrasil.com.mx\/cdb2023\/wp-content\/uploads\/2024\/09\/mexico-brasil-independencias.jpg","articleSection":["Blog"],"inLanguage":"es"},{"@type":"WebPage","@id":"https:\/\/casadobrasil.com.mx\/cdb2023\/septiembre-de-independencias-conectando-brasil-y-mexico-a-traves-del-idioma\/","url":"https:\/\/casadobrasil.com.mx\/cdb2023\/septiembre-de-independencias-conectando-brasil-y-mexico-a-traves-del-idioma\/","name":"Septiembre de Independencias: Conectando Brasil y M\u00e9xico a trav\u00e9s del Idioma - Casa do Brasil en M\u00e9xico \u2013 Cursos de Portugu\u00e9s","isPartOf":{"@id":"https:\/\/casadobrasil.com.mx\/cdb2023\/#website"},"primaryImageOfPage":{"@id":"https:\/\/casadobrasil.com.mx\/cdb2023\/septiembre-de-independencias-conectando-brasil-y-mexico-a-traves-del-idioma\/#primaryimage"},"image":{"@id":"https:\/\/casadobrasil.com.mx\/cdb2023\/septiembre-de-independencias-conectando-brasil-y-mexico-a-traves-del-idioma\/#primaryimage"},"thumbnailUrl":"https:\/\/casadobrasil.com.mx\/cdb2023\/wp-content\/uploads\/2024\/09\/mexico-brasil-independencias.jpg","datePublished":"2024-09-03T18:52:24+00:00","dateModified":"2024-09-04T05:22:35+00:00","breadcrumb":{"@id":"https:\/\/casadobrasil.com.mx\/cdb2023\/septiembre-de-independencias-conectando-brasil-y-mexico-a-traves-del-idioma\/#breadcrumb"},"inLanguage":"es","potentialAction":[{"@type":"ReadAction","target":["https:\/\/casadobrasil.com.mx\/cdb2023\/septiembre-de-independencias-conectando-brasil-y-mexico-a-traves-del-idioma\/"]}]},{"@type":"ImageObject","inLanguage":"es","@id":"https:\/\/casadobrasil.com.mx\/cdb2023\/septiembre-de-independencias-conectando-brasil-y-mexico-a-traves-del-idioma\/#primaryimage","url":"https:\/\/casadobrasil.com.mx\/cdb2023\/wp-content\/uploads\/2024\/09\/mexico-brasil-independencias.jpg","contentUrl":"https:\/\/casadobrasil.com.mx\/cdb2023\/wp-content\/uploads\/2024\/09\/mexico-brasil-independencias.jpg","width":600,"height":600},{"@type":"BreadcrumbList","@id":"https:\/\/casadobrasil.com.mx\/cdb2023\/septiembre-de-independencias-conectando-brasil-y-mexico-a-traves-del-idioma\/#breadcrumb","itemListElement":[{"@type":"ListItem","position":1,"name":"Inicio","item":"https:\/\/casadobrasil.com.mx\/cdb2023\/"},{"@type":"ListItem","position":2,"name":"Septiembre de Independencias: Conectando Brasil y M\u00e9xico a trav\u00e9s del Idioma"}]},{"@type":"WebSite","@id":"https:\/\/casadobrasil.com.mx\/cdb2023\/#website","url":"https:\/\/casadobrasil.com.mx\/cdb2023\/","name":"Casa do Brasil en M\u00e9xico \u2013 Cursos de Portugu\u00e9s","description":"Cursos de Portugu\u00e9s Online en M\u00e9xico. Profesores nativos Gobierno de Brasil Celpe-bras","publisher":{"@id":"https:\/\/casadobrasil.com.mx\/cdb2023\/#organization"},"potentialAction":[{"@type":"SearchAction","target":{"@type":"EntryPoint","urlTemplate":"https:\/\/casadobrasil.com.mx\/cdb2023\/?s={search_term_string}"},"query-input":{"@type":"PropertyValueSpecification","valueRequired":true,"valueName":"search_term_string"}}],"inLanguage":"es"},{"@type":"Organization","@id":"https:\/\/casadobrasil.com.mx\/cdb2023\/#organization","name":"Casa do Brasil en M\u00e9xico \u2013 Cursos de Portugu\u00e9s","url":"https:\/\/casadobrasil.com.mx\/cdb2023\/","logo":{"@type":"ImageObject","inLanguage":"es","@id":"https:\/\/casadobrasil.com.mx\/cdb2023\/#\/schema\/logo\/image\/","url":"https:\/\/casadobrasil.com.mx\/cdb2023\/wp-content\/uploads\/2022\/12\/logo-casa-do-brasil.png","contentUrl":"https:\/\/casadobrasil.com.mx\/cdb2023\/wp-content\/uploads\/2022\/12\/logo-casa-do-brasil.png","width":480,"height":270,"caption":"Casa do Brasil en M\u00e9xico \u2013 Cursos de Portugu\u00e9s"},"image":{"@id":"https:\/\/casadobrasil.com.mx\/cdb2023\/#\/schema\/logo\/image\/"},"sameAs":["https:\/\/www.facebook.com\/casadobrasilmx\/","https:\/\/x.com\/casadobrasil"]},{"@type":"Person","@id":"https:\/\/casadobrasil.com.mx\/cdb2023\/#\/schema\/person\/714cc0ce04dc4fce500c6a4efd8a8d39","name":"Jo\u00e3o Calado","image":{"@type":"ImageObject","inLanguage":"es","@id":"https:\/\/casadobrasil.com.mx\/cdb2023\/wp-content\/litespeed\/avatar\/8e6ca40718cc75256e074ea0cc2ab71d.jpg?ver=1777473122","url":"https:\/\/casadobrasil.com.mx\/cdb2023\/wp-content\/litespeed\/avatar\/8e6ca40718cc75256e074ea0cc2ab71d.jpg?ver=1777473122","contentUrl":"https:\/\/casadobrasil.com.mx\/cdb2023\/wp-content\/litespeed\/avatar\/8e6ca40718cc75256e074ea0cc2ab71d.jpg?ver=1777473122","caption":"Jo\u00e3o Calado"},"url":"https:\/\/casadobrasil.com.mx\/cdb2023\/author\/roberto\/"}]}},"_links":{"self":[{"href":"https:\/\/casadobrasil.com.mx\/cdb2023\/wp-json\/wp\/v2\/posts\/30712","targetHints":{"allow":["GET"]}}],"collection":[{"href":"https:\/\/casadobrasil.com.mx\/cdb2023\/wp-json\/wp\/v2\/posts"}],"about":[{"href":"https:\/\/casadobrasil.com.mx\/cdb2023\/wp-json\/wp\/v2\/types\/post"}],"author":[{"embeddable":true,"href":"https:\/\/casadobrasil.com.mx\/cdb2023\/wp-json\/wp\/v2\/users\/3"}],"replies":[{"embeddable":true,"href":"https:\/\/casadobrasil.com.mx\/cdb2023\/wp-json\/wp\/v2\/comments?post=30712"}],"version-history":[{"count":2,"href":"https:\/\/casadobrasil.com.mx\/cdb2023\/wp-json\/wp\/v2\/posts\/30712\/revisions"}],"predecessor-version":[{"id":30715,"href":"https:\/\/casadobrasil.com.mx\/cdb2023\/wp-json\/wp\/v2\/posts\/30712\/revisions\/30715"}],"wp:featuredmedia":[{"embeddable":true,"href":"https:\/\/casadobrasil.com.mx\/cdb2023\/wp-json\/wp\/v2\/media\/30713"}],"wp:attachment":[{"href":"https:\/\/casadobrasil.com.mx\/cdb2023\/wp-json\/wp\/v2\/media?parent=30712"}],"wp:term":[{"taxonomy":"category","embeddable":true,"href":"https:\/\/casadobrasil.com.mx\/cdb2023\/wp-json\/wp\/v2\/categories?post=30712"},{"taxonomy":"post_tag","embeddable":true,"href":"https:\/\/casadobrasil.com.mx\/cdb2023\/wp-json\/wp\/v2\/tags?post=30712"}],"curies":[{"name":"wp","href":"https:\/\/api.w.org\/{rel}","templated":true}]}}